{"id":42,"__str__":"INDICA\u00c7\u00c3O n\u00ba 14 de 2010","link_detail_backend":"/materia/42","metadata":{},"numero":14,"ano":2010,"numero_protocolo":null,"data_apresentacao":"2010-02-09","tipo_apresentacao":"E","data_publicacao":null,"numero_origem_externa":"","ano_origem_externa":null,"data_origem_externa":null,"apelido":"","dias_prazo":null,"data_fim_prazo":null,"em_tramitacao":false,"polemica":null,"objeto":"","complementar":null,"ementa":"FORMULAR APELO AO ILUSTRE PREFEITO\r\nMUNICIPAL NO SENTIDO DE AMPLIA\u00c7\u00c3O DA \u00c1REA PAVIMENTADA DE VIAS URBANAS EM\r\nPALMITAL DE MINAS NAS RUAS: BEU COSTA, JOVIANO ABADIA, C\u00cdCERO LOPES, RUI\r\nBARBOSA, JUV\u00caNCIO MARTINS FERREIRA, MODESTO PIRES, OS\u00d3RIO GERALDO, DOMINGOS\r\nRIBEIRO E CELSO VIANA.","indexacao":"","observacao":"","resultado":"","texto_original":"http://sapl.cabeceiragrande.mg.leg.br/media/sapl/public/materialegislativa/2010/42/42_texto_integral.pdf","data_ultima_atualizacao":"2018-09-27T10:58:04.866736-03:00","ip":"","ultima_edicao":null,"tipo":8,"regime_tramitacao":1,"tipo_origem_externa":null,"local_origem_externa":null,"user":null,"anexadas":[],"autores":[]}