{"id":2971,"__str__":"INDICA\u00c7\u00c3O n\u00ba 2 de 2014","link_detail_backend":"/materia/2971","metadata":{},"numero":2,"ano":2014,"numero_protocolo":null,"data_apresentacao":"2014-08-12","tipo_apresentacao":"E","data_publicacao":"2014-08-18","numero_origem_externa":"","ano_origem_externa":null,"data_origem_externa":null,"apelido":"","dias_prazo":null,"data_fim_prazo":null,"em_tramitacao":false,"polemica":false,"objeto":"","complementar":false,"ementa":"Indica ao Prefeito, ao Governador do Estado de Minas Gerais e ao DER-MG a estadualiza\u00e7\u00e3o da rodovia que faz a interliga\u00e7\u00e3o entre Cabeceira Grande e Palmital de Minas.","indexacao":"","observacao":"","resultado":"","texto_original":"http://sapl.cabeceiragrande.mg.leg.br/media/sapl/public/materialegislativa/2014/2971/indicacao_n_002-2014.pdf","data_ultima_atualizacao":"2022-03-18T14:55:28.615513-03:00","ip":"45.224.196.86","ultima_edicao":"2022-03-18T14:52:50.158991-03:00","tipo":8,"regime_tramitacao":1,"tipo_origem_externa":null,"local_origem_externa":null,"user":37,"anexadas":[],"autores":[18,20,19,15,16,1,2,17,21]}