{"id":209,"__str__":"INDICA\u00c7\u00c3O n\u00ba 67 de 2009","link_detail_backend":"/materia/209","metadata":{},"numero":67,"ano":2009,"numero_protocolo":null,"data_apresentacao":"2009-02-25","tipo_apresentacao":"E","data_publicacao":null,"numero_origem_externa":"","ano_origem_externa":null,"data_origem_externa":null,"apelido":"","dias_prazo":null,"data_fim_prazo":null,"em_tramitacao":false,"polemica":null,"objeto":"","complementar":null,"ementa":"FORMULAR APELO AO ILUSTRE PREFEITO MUNICIPAL DE CABECEIRA GRANDE NO SENTIDO DE VIABILIZAR A CONSTRU\u00c7\u00c3O DE MEIO FIO NA AVENIDA CENTRAL SA\u00cdDA PARA UNA\u00cd, BEM COMO A CONSTRU\u00c7\u00c3O DE UM CAL\u00c7AD\u00c3O PARA A REALIZA\u00c7\u00c3O DE CAMINHADA, INSTALA\u00c7\u00c3O DE POSTES DE ILUMINA\u00c7\u00c3O P\u00daBLICA NO CANTEIRO CENTRAL, PLANTIO DE GRAMA, FLORES E \u00c1RVORES ORNAMENTAIS.","indexacao":"","observacao":"","resultado":"","texto_original":"http://sapl.cabeceiragrande.mg.leg.br/media/sapl/public/materialegislativa/2009/209/209_texto_integral.pdf","data_ultima_atualizacao":"2018-09-27T10:58:02.709611-03:00","ip":"","ultima_edicao":null,"tipo":8,"regime_tramitacao":1,"tipo_origem_externa":null,"local_origem_externa":null,"user":null,"anexadas":[],"autores":[]}