{"id":184,"__str__":"INDICA\u00c7\u00c3O n\u00ba 42 de 2009","link_detail_backend":"/materia/184","metadata":{},"numero":42,"ano":2009,"numero_protocolo":null,"data_apresentacao":"2009-01-28","tipo_apresentacao":"E","data_publicacao":null,"numero_origem_externa":"","ano_origem_externa":null,"data_origem_externa":null,"apelido":"","dias_prazo":null,"data_fim_prazo":null,"em_tramitacao":false,"polemica":null,"objeto":"","complementar":null,"ementa":"INDICAM AO EXCELENT\u00cdSSIMO SENHOR PREFEITO MUNICIPAL, AP\u00d3S OUVIDO O PLEN\u00c1RIO, PROVID\u00caNCIAS NO SENTIDO DE REVITALIZAR O PARQUE ECOL\u00d3GICO MANOEL MARIANO DE OLIVEIRA &#8220;SEU L\u00c9&#8221; COM MANUTEN\u00c7\u00c3O,\r\nCONSERVA\u00c7\u00c3O E FECHAMENTO EM TODA SUA \u00c1REA DE DIVIS\u00d3RIA COM TELA ALAMBRADO, BEM COMO A RETIRADA IMEDIATA DE ANIMAIS (BOVINOS E EQ\u00dcINOS) QUE EST\u00c3O SENDO MANTIDO IRREGULARMENTE NO PARQUE.","indexacao":"","observacao":"","resultado":"","texto_original":"http://sapl.cabeceiragrande.mg.leg.br/media/sapl/public/materialegislativa/2009/184/184_texto_integral.pdf","data_ultima_atualizacao":"2018-09-27T10:58:04.292480-03:00","ip":"","ultima_edicao":null,"tipo":8,"regime_tramitacao":1,"tipo_origem_externa":null,"local_origem_externa":null,"user":null,"anexadas":[],"autores":[]}